{"id":11861,"date":"2022-08-12T16:01:34","date_gmt":"2022-08-12T14:01:34","guid":{"rendered":"https:\/\/henningbochert.de\/en\/?p=11861"},"modified":"2023-02-09T18:53:56","modified_gmt":"2023-02-09T17:53:56","slug":"permeance-on-tour","status":"publish","type":"post","link":"https:\/\/henningbochert.de\/en\/2022\/08\/permeance-on-tour\/","title":{"rendered":"PERMEANCE on tour  &#8211; come watch!"},"content":{"rendered":"\n<figure class=\"wp-block-image size-large\"><img loading=\"lazy\" decoding=\"async\" width=\"1024\" height=\"576\" src=\"https:\/\/henningbochert.de\/en\/wp-content\/uploads\/sites\/2\/2021\/08\/PERMEANCE_foto-by-Alica-Minar-1-1024x576.jpg\" alt=\"\" class=\"wp-image-11499\" srcset=\"https:\/\/henningbochert.de\/en\/wp-content\/uploads\/sites\/2\/2021\/08\/PERMEANCE_foto-by-Alica-Minar-1-1024x576.jpg 1024w, https:\/\/henningbochert.de\/en\/wp-content\/uploads\/sites\/2\/2021\/08\/PERMEANCE_foto-by-Alica-Minar-1-300x169.jpg 300w, https:\/\/henningbochert.de\/en\/wp-content\/uploads\/sites\/2\/2021\/08\/PERMEANCE_foto-by-Alica-Minar-1-768x432.jpg 768w, https:\/\/henningbochert.de\/en\/wp-content\/uploads\/sites\/2\/2021\/08\/PERMEANCE_foto-by-Alica-Minar-1-1536x864.jpg 1536w, https:\/\/henningbochert.de\/en\/wp-content\/uploads\/sites\/2\/2021\/08\/PERMEANCE_foto-by-Alica-Minar-1-2048x1152.jpg 2048w\" sizes=\"auto, (max-width: 1024px) 100vw, 1024px\" \/><\/figure>\n\n\n\n<p><strong>23.08.2022<\/strong> 7:00pm Garden of <a href=\"https:\/\/www.altart.cz\/program\/alica-minar-col-raum4-e-v-permeance\/?lang=en\" target=\"_blank\" rel=\"noreferrer noopener\">Studio Alta<\/a> Prague, Czech Republic<br><strong>24.08.2022<\/strong> 7:00pm Garden of <a href=\"https:\/\/www.altart.cz\/program\/alica-minar-col-raum4-e-v-permeance\/?lang=en\" target=\"_blank\" rel=\"noreferrer noopener\">Studio Alta<\/a> Prague, Czech Republic<br><strong>27.08.2022<\/strong> 6:00pm <a href=\"https:\/\/www.uferstudios.com\/en_US\/veranstaltungen-en-US\/alle-veranstaltungen-en-US\/event\/2902?date=2022-08-27\" target=\"_blank\" rel=\"noreferrer noopener\">Uferstudios<\/a> Berlin, Germany<br><strong>28.08.2022<\/strong> 4:00pm <a rel=\"noreferrer noopener\" href=\"https:\/\/www.uferstudios.com\/en_US\/veranstaltungen-en-US\/alle-veranstaltungen-en-US\/event\/2902?date=2022-08-27\" target=\"_blank\">Uferstudios<\/a> Berlin, Germany<\/p>\n\n\n\n<p>The international, participatory dance production explores our changing experience with water in our memories and in the present. As an outdoor choreography PERMEANCE seeks to evoke a sense of cohesion and harmony with nature and with oneself. At the same time, the multilingual piece conveys a sense of playfulness and lightness, as if drifting on the water&#8217;s surface on a summer&#8217;s day, only to be gradually and easily drawn deep into the theme as if by a siren.<\/p>\n\n\n\n<p class=\"wp-embed-aspect-16-9 wp-has-aspect-ratio\">The preview: <a href=\"https:\/\/youtu.be\/zcUDndFF0DA\">https:\/\/youtu.be\/zcUDndFF0DA<\/a><\/p>\n\n\n\n<p>Choreography: Alica Minar<br>Dance: Nicola Storey, Johanna \u0160ilarov\u00e1, Lenka Vo\u0159echovsk\u00e1<br>Music: Etienne Haan<br>Dramaturgy: Lenka Vo\u0159echovsk\u00e1<br>Text: Katar\u00edna Bako\u0161ov\u00e1, Henning Bochert<br>Costume: Claudia Besuch<br>Consultants: Erik Bal\u00e1\u017e, Jan L\u00e1tal<br>Production: Alica Minar &amp; col z.s.<br>International coproduction of: <a rel=\"noreferrer noopener\" href=\"https:\/\/alicaminar.com\/portfolio\/permeance\/\" target=\"_blank\">Alica Minar &amp; col. z.s.<\/a> &amp; <a href=\"https:\/\/is.gd\/9OxaGQ\">raum4-netzwerk f\u00fcr k\u00fcnstlerische alltagsbew\u00e4ltigung e. v.<\/a><\/p>\n\n\n\n<p class=\"has-small-font-size\">Coproducing: Studio Alta, Prague (CZ)<\/p>\n\n\n\n<p class=\"has-small-font-size\">Project partners:&nbsp;Uferstudios, Berlin (DE), &nbsp;REZI.DANCE, Koma\u0159ice (CZ), Bazaar festival, Prague (CZ)<\/p>\n\n\n\n<p class=\"has-small-font-size\">Financial support: Czech-German Future Fund (CZ\/DE), State Fund for Culture (CZ), Ministry of Culture (CZ),&nbsp; i-portunus, Goethe Institut Prague (CZ), Dachverband Tanz Deutschland (DE)<\/p>\n","protected":false},"excerpt":{"rendered":"<p>More performances in Berlin and Prague<\/p>\n","protected":false},"author":9,"featured_media":11459,"comment_status":"open","ping_status":"open","sticky":false,"template":"","format":"standard","meta":{"_acf_changed":false,"footnotes":""},"categories":[6],"tags":[1670,1818,1794,60,1270,194,1669,1674,1809,1802,1798,878,358,781,1683],"class_list":["post-11861","post","type-post","status-publish","format-standard","has-post-thumbnail","hentry","category-production","tag-alica","tag-alta","tag-bakosova","tag-berlin-en","tag-dance","tag-international-en","tag-minar","tag-prague","tag-raum4","tag-silarova","tag-storey","tag-studio","tag-text","tag-uferstudios","tag-vorechovska"],"acf":[],"_links":{"self":[{"href":"https:\/\/henningbochert.de\/en\/wp-json\/wp\/v2\/posts\/11861","targetHints":{"allow":["GET"]}}],"collection":[{"href":"https:\/\/henningbochert.de\/en\/wp-json\/wp\/v2\/posts"}],"about":[{"href":"https:\/\/henningbochert.de\/en\/wp-json\/wp\/v2\/types\/post"}],"author":[{"embeddable":true,"href":"https:\/\/henningbochert.de\/en\/wp-json\/wp\/v2\/users\/9"}],"replies":[{"embeddable":true,"href":"https:\/\/henningbochert.de\/en\/wp-json\/wp\/v2\/comments?post=11861"}],"version-history":[{"count":5,"href":"https:\/\/henningbochert.de\/en\/wp-json\/wp\/v2\/posts\/11861\/revisions"}],"predecessor-version":[{"id":12390,"href":"https:\/\/henningbochert.de\/en\/wp-json\/wp\/v2\/posts\/11861\/revisions\/12390"}],"wp:featuredmedia":[{"embeddable":true,"href":"https:\/\/henningbochert.de\/en\/wp-json\/wp\/v2\/media\/11459"}],"wp:attachment":[{"href":"https:\/\/henningbochert.de\/en\/wp-json\/wp\/v2\/media?parent=11861"}],"wp:term":[{"taxonomy":"category","embeddable":true,"href":"https:\/\/henningbochert.de\/en\/wp-json\/wp\/v2\/categories?post=11861"},{"taxonomy":"post_tag","embeddable":true,"href":"https:\/\/henningbochert.de\/en\/wp-json\/wp\/v2\/tags?post=11861"}],"curies":[{"name":"wp","href":"https:\/\/api.w.org\/{rel}","templated":true}]}}